{"id":213,"date":"2014-07-17T18:55:35","date_gmt":"2014-07-17T16:55:35","guid":{"rendered":"http:\/\/www.360responsibletourism.com\/fr\/?p=213"},"modified":"2020-03-29T15:26:42","modified_gmt":"2020-03-29T13:26:42","slug":"la-ville-autonome-de-buenos-aires","status":"publish","type":"post","link":"https:\/\/www.360responsibletourism.com\/fr\/2014\/07\/17\/la-ville-autonome-de-buenos-aires\/","title":{"rendered":"La Ville Autonome de Buenos Aires"},"content":{"rendered":"<h3>H\u00e9bergement<\/h3>\n<h4>H\u00f4tel Cooperativa BAUEN<\/h4>\n<p>La Coop\u00e9rative H\u00f4tel Bauen se forma en 2003 apr\u00e8s la longue lutte entrepresariale avec l\u2019occupation de cet h\u00f4tel si embl\u00e9matique de la ville. En effet, il fut construit par le gouvernement militaire pour le Mondial de Football de 1978 et poss\u00e8de une longue histoire de financement frauduleux, et autres actes. A cette \u00e9poque, les employ\u00e9s de l\u2019h\u00f4tel ont r\u00e9am\u00e9nag\u00e9 l\u2019\u00e9tablissement et ont r\u00e9ussi \u00e0 obtenir une client\u00e8le importante, surtout gr\u00e2ce au march\u00e9 du tourisme Solidaire.<br \/>\nLes touristes qui logent dans l\u2019h\u00f4tel, contribuent non seulement au maintien de la Coop\u00e9rative et de ses travailleurs, mais aussi ils peuvent participer \u00e0 un discours, men\u00e9 par un des dirigeants de la Coop\u00e9rative sur le Mouvement National des Entreprises R\u00e9cup\u00e9r\u00e9es (MNER) et de l\u2019histoire del BAUEN.<\/p>\n<h3>Transport<\/h3>\n<p>Nous effectuons nos d\u00e9placements \u00e0 pieds, en bus, en m\u00e9tro et taxi.<br \/>\n<img loading=\"lazy\" decoding=\"async\" class=\"aligncenter wp-image-644 size-large\" src=\"http:\/\/www.360responsibletourism.com\/wp-content\/uploads\/2014\/06\/P1100241-e1421853404525-1024x320.jpg\" alt=\"Buenos Aires\" width=\"1024\" height=\"320\"><\/p>\n<h3>Activit\u00e9s pr\u00e9vues<\/h3>\n<h4>Tour du centre ville<\/h4>\n<p>Le tour de la ville dure approximativement 4 heures et parcourt les endroits les plus importants : la Place du Congr\u00e8s, la Place de Mai, en passant par les quartiers de San Telmo, Puerto Madero, Recoleta et Palermo. Il s\u2019agit de conter l\u2019histoire de la fondation de la ville : les \u00e9v\u00e8nements politiques depuis l\u2019\u00e9poque de Per\u00f3n, durant lesquels la Place de Mai fut le centre des manifestations, la contribution des immigrants \u00e0 l\u2019architecture de la ville, les caract\u00e9ristiques de chaque quartier, et les mutations \u00e9conomiques et sociales.<\/p>\n<h4>Au-del\u00e0 du \u201cCaminito\u201d le quartier de la Boca existe<\/h4>\n<p>Le projet qui commen\u00e7a en 2007, fut r\u00e9alis\u00e9 par l\u2019ONG italienne ICEI. Ce projet propose l\u2019am\u00e9lioration des conditions de vie de la population des quartiers de La Boca et Barracas, gr\u00e2ce \u00e0 la participation directe de groupes marginaux des quartiers dans des activit\u00e9s de tourisme durable. Ce sont des initiatives d\u2019introduction sociale, qui ont pour but la valorisation socioculturelle des quartiers \u00e0 probl\u00e8mes de la ville.<\/p>\n<h4>La Boca<\/h4>\n<p>Visites du Centre d\u2019Interpr\u00e9tation du Pont T\u00e9l\u00e9ph\u00e9rique et du Mus\u00e9e Benito Quinquela Mart\u00edn puis nous nous promenons dans la zone du Caminito. Nous d\u00e9jeunons au Conventillo-Bar, puis nous allons au Concierto de Cuchillo, nous y visitons le patio des sculptures. Ensuite, nous partons en direction de l\u2019atelier de Walde ; nous visitons les Pompiers Volontaires de La Boca, l\u2019Editorial Elo\u00edsa Cartonera ainsi qu\u2019un atelier de Reliure.  Nous marchons jusqu\u2019\u00e0 Los Pibes del Play\u00f3n, pour une d\u00e9gustation d\u2019alfajores, en passant par La Bombonera. Nous visitons la Maison-Atelier Celia Chevalier puis la galerie d\u2019arts.<\/p>\n<h4>Barracas<\/h4>\n<p>Visite des \u00e9difices de l\u2019ancienne fabrique d\u2019Alpargatas, la Biblioth\u00e8que Populaire Sociedad Luz. Visites de deux icones de collectivit\u00e9s religieuses du quartier de Barracas: le temple de la Communaut\u00e9 Or-Torah et l\u2019Eglise Santa Felicitas situ\u00e9e sur la Place Colombia. Pizzer\u00eda Los Campeones de l\u2019Avenue Montes de Oca et Brandsen.<\/p>\n<h4>Th\u00e9\u00e2tre Communautaire<\/h4>\n<p>Dans la ville de Buenos Aires se sont d\u00e9velopp\u00e9es des compagnies de th\u00e9\u00e2tre, travaillant autour du th\u00e9\u00e2tre communautaire. Les activit\u00e9s se d\u00e9roulent dans les quartiers, afin d\u2019y int\u00e9grer \u00e0 la population locale. Les th\u00e8mes sont g\u00e9n\u00e9ralement \u00e9voqu\u00e9s d\u2019une mani\u00e8re socialisante et constructive, afin d\u2019attirer l\u2019int\u00e9r\u00eat d\u2019un maximum de jeunes. Ces propositions de th\u00e9\u00e2tre communautaire se font au sein des compagnies \u00ab Grupo de teatro Catalinas Sur \u00bb ou \u00ab Circuito Cultural Barracas \u00bb.<\/p>\n<h4>Les M\u00e8res<\/h4>\n<p>Les M\u00e8res se retrouvent tous les jeudis \u00e0 15H30, pour faire le tour de la Place de Mai. Elles avancent, et le font depuis 30 ans, depuis la dictature militaire afin de r\u00e9clamer \u201cl\u2019apparition en vie\u201d de leurs enfants et de tous les enfants disparus des familles. De nos jours, elles demandent \u00e0 ce que les assassins soient d\u00e9nonc\u00e9s et jug\u00e9s. Elles exigent la justice sociale et luttent contre la pauvret\u00e9. Elles veulent faire justice des causes pour lesquelles furent assassin\u00e9s leurs enfants. Il ne s\u2019agit pas de femmes vaincues par la vie, au contraire sous des foulards blancs, apparaissent des visages souriants et combattants.<\/p>\n<h4>Mus\u00e9e ESMA<\/h4>\n<p>Le mus\u00e9e se visite du lundi au mardi, de 9 heures \u00e0 17 heures, ainsi que les week-ends, de 12 heures \u00e0 18 heures. La visite dure approximativement deux heures et se fait seulement avec un guide, pr\u00e9alablement r\u00e9serv\u00e9 par t\u00e9l\u00e9phone. Durant la visite, nous parcourons l\u2019\u00e9difice de l\u2019ancienne Ecole M\u00e9canique de l\u2019Arm\u00e9e. Le guide nous donne de nombreuses informations sur l\u2019histoire, les objectifs et le fonctionnement du mus\u00e9e. De plus, \u00e0 la fin de notre parcours nous pouvons aller voir les diff\u00e9rentes expositions pr\u00e9sentes dans le mus\u00e9e, qui nous apportent diff\u00e9rentes aspects du terrorisme d\u2019Etat en Argentine.<\/p>\n<h4>Mus\u00e9es Sugg\u00e9r\u00e9s<\/h4>\n<p>MALBA; Mus\u00e9e Etnographique; Xul Solar; Mus\u00e9e de motivos argentinos Jos\u00e9 Hernandez; Centre Culturel Recoleta; H\u00f4tel des Immigrants; Mus\u00e9e de la Dette Externe; Mus\u00e9e Evita; Mus\u00e9e Historique et Numismatique; Mus\u00e9e de l\u2019Art Hispanoam\u00e9ricain, Isaac Fern\u00e1ndez Blanco.<br \/>\n<img loading=\"lazy\" decoding=\"async\" class=\"aligncenter wp-image-649 size-full\" src=\"http:\/\/www.360responsibletourism.com\/wp-content\/uploads\/2014\/06\/Madres-e1421853442848.jpg\" alt=\"Madres de plaza de Mayo\" width=\"1024\" height=\"320\"><br \/>\n\r\n            \r\n            \r\n            \r\n            <a name='map8'><\/a>\r\n            \r\n            \r\n            \r\n            \r\n            <div class=\"wpgmza_map \"  id=\"wpgmza_map_8\" style=\"display:block; overflow:auto; width:100%; height:280px; float:left;\" data-settings='{\"id\":\"8\",\"map_title\":\"Buenos Aires standard\",\"map_width\":\"100\",\"map_height\":\"280\",\"map_start_lat\":\"-34.608599\",\"map_start_lng\":\"-58.373495\",\"map_start_location\":\"-34.608599114293455,-58.37349458117297\",\"map_start_zoom\":\"11\",\"default_marker\":\"http:\\\/\\\/www.360responsibletourism.com\\\/wp-content\\\/uploads\\\/2014\\\/07\\\/footprint.png\",\"type\":\"3\",\"alignment\":\"2\",\"directions_enabled\":\"1\",\"styling_enabled\":\"0\",\"styling_json\":\"\",\"active\":\"0\",\"kml\":\"\",\"bicycle\":\"1\",\"traffic\":\"0\",\"dbox\":\"1\",\"dbox_width\":\"500\",\"listmarkers\":\"0\",\"listmarkers_advanced\":\"0\",\"filterbycat\":\"0\",\"ugm_enabled\":\"0\",\"ugm_category_enabled\":\"0\",\"fusion\":\"\",\"map_width_type\":\"\\\\%\",\"map_height_type\":\"px\",\"mass_marker_support\":\"0\",\"ugm_access\":\"0\",\"order_markers_by\":\"1\",\"order_markers_choice\":\"2\",\"show_user_location\":\"2\",\"default_to\":\"\",\"other_settings\":{\"store_locator_enabled\":2,\"store_locator_distance\":2,\"store_locator_bounce\":1,\"store_locator_category\":2,\"store_locator_query_string\":\"ZIP \\\/ Address:\",\"sl_stroke_color\":\"FF0000\",\"sl_stroke_opacity\":\"0.25\",\"sl_fill_color\":\"FF0000\",\"sl_fill_opacity\":\"0.15\",\"weather_layer\":2,\"weather_layer_temp_type\":1,\"cloud_layer\":1,\"transport_layer\":1,\"list_markers_by\":\"0\",\"shortcodeAttributes\":{\"id\":\"8\"}}}' data-map-id='8' data-shortcode-attributes='{\"id\":\"8\"}'> <\/div>\r\n            \r\n               \r\n        <div style=\"display:block; width:100%;\">\r\n\t\t\t\t\r\n\t\t\t\t<div class=\"wpgmza-directions-box wpgmaps_directions_outer_div\" data-map-id=\"8\" style=\"width:500%;display:none;clear:both;\" id=\"wpgmaps_directions_edit_8\">\n\t<h2 class=\"wpgmza-directions-box__title\">Itin\u00e9raires<\/h2>\n\t\n\t<div class=\"wpgmza-directions-box-inner\" id=\"wpgmaps_directions_editbox_8\">\n\t\t<div class=\"wpgmza-directions-actions wpgmza-form-field\">\n\t\t\t<div class=\"wpgmza-directions__travel-mode\">\n\t\t\t\t<span class=\"wpgmza-travel-mode-option wpgmza-travel-option__selected\" data-mode=\"driving\">\n\t\t\t\t\t<img decoding=\"async\" src=\"https:\/\/www.360responsibletourism.com\/wp-content\/plugins\/wp-google-maps-pro\/images\/icons\/directions_car.png\">\n\t\t\t\t<\/span>\n\t\t\t\t<span class=\"wpgmza-travel-mode-option\" data-mode=\"walking\">\n\t\t\t\t\t<img decoding=\"async\" src=\"https:\/\/www.360responsibletourism.com\/wp-content\/plugins\/wp-google-maps-pro\/images\/icons\/directions_walking.png\">\n\t\t\t\t<\/span>\n\t\t\t\t<span class=\"wpgmza-travel-mode-option\" data-mode=\"transit\">\n\t\t\t\t\t<img decoding=\"async\" src=\"https:\/\/www.360responsibletourism.com\/wp-content\/plugins\/wp-google-maps-pro\/images\/icons\/directions_transit.png\">\n\t\t\t\t<\/span>\n\t\t\t\t<span class=\"wpgmza-travel-mode-option\" data-mode=\"bicycling\">\n\t\t\t\t\t<img decoding=\"async\" src=\"https:\/\/www.360responsibletourism.com\/wp-content\/plugins\/wp-google-maps-pro\/images\/icons\/directions_bike.png\">\n\t\t\t\t<\/span>\n\t\t\t<\/div>\n\n\t\t\t<div class=\"wpgmza-directions-locations\">\n\t\t\t\t<div class=\"wpgmza-directions-from wpgmza-form-field\">\n\n\t\t\t\t\t<i class=\"wpgmza-directions-from__icon fa fa-circle\"><\/i>\n\t\t\t\n\t\t\t\t\t<label class=\"wpgmza-form-field__label\" for=\"wpgmza_input_from_8\">\n\t\t\t\t\t\tDepuis\t\t\t\t\t<\/label>\n\t\t\t\t\t\n\t\t\t\t\t<input class=\"wpgmza-address wpgmza-directions-from wpgmza-form-field__input\" type=\"text\" placeholder=\"Depuis\" value=\"\" id=\"wpgmza_input_from_8\">\n\t\t\t\t\n\t\t\t\t<\/div>\n\n\t\t\t\t<div class=\"wpgmza-directions-to wpgmza-form-field wpgmaps_to_row\">\n\n\t\t\t\t\t<i class=\"wpgmza-directions-to__icon fa fas fa-map-marker\"><\/i>\n\n\t\t\t\t\t<label class=\"wpgmza-form-field__label\" for=\"wpgmza_input_to_8\">\n\t\t\t\t\t\tVers\t\t\t\t\t<\/label>\n\t\t\t\t\t<input class=\"wpgmza-address wpgmza-form-field__input wpgmza-directions-to\" type=\"text\" placeholder=\"Vers\" value=\"\" id=\"wpgmza_input_to_8\">\n\t\t\t\t<\/div>\n\t\t\t\t\n\t\t\t\t<div class=\"wpgmza-waypoint-via wpgmza-form-field wpgmza-form-field--no-pad wpgmaps_via wpgmaps_template\">\n\n\t\t\t\t\t<i class=\"wpgmza-directions-from__icon fa fa-circle\"><\/i>\n\t\t\t\t\n\t\t\t\t\t<input class=\"wpgmza-waypoint-via wpgmza-form-field__input wpgmaps_via\" type=\"text\" placeholder=\"Via\">\n\t\t\t\t\t\n\t\t\t\t\t<button href=\"javascript:%20;\" class=\"wpgmza_remove_via\">\n\t\t\t\t\t\t<i class=\"fa fa-times\"><\/i>\n\t\t\t\t\t<\/button>\n\t\t\t\t\t\n\t\t\t\t<\/div>\n\t\t\t\t\n\t\t\t\t<div class=\"wpgmza-add-waypoint wpgmza-form-field wpgmza-form-field--no-pad wpgmaps_add_waypoint\">\n\t\t\t\t\t<div class=\"wpgmaps_add_waypoint\">\n\t\t\t\t\t\t<a href=\"javascript:%20;\" class=\"wpgmaps_add_waypoint\" mapid=\"8\">\n\t\t\t\t\t\t\t<i class=\"fa fa-plus-circle\" aria-hidden=\"true\"><\/i>\n\t\t\t\t\t\t\tAjouter un polygone\t\t\t\t\t\t<\/a>\n\t\t\t\t\t<\/div>\n\t\t\t\t<\/div>\n\t\t\t<\/div>\n\n\t\t\t<div class=\"wpgmza-hidden\">\n\t\t\t<label class=\"wpgmza-travel-mode wpgmza-form-field__label\" for=\"wpgmza_dir_type_8\">\n\t\t\t\tPour\t\t\t<\/label>\n\t\t\t<select class=\"wpgmza-travel-mode wpgmza-form-field__input\" name=\"wpgmza_dir_type_8\" id=\"wpgmza_dir_type_8\">\n\t\t\t\t<option value=\"driving\">\n\t\t\t\t\tEn voiture\t\t\t\t<\/option>\n\t\t\t\t<option value=\"walking\">\n\t\t\t\t\tA pied\t\t\t\t<\/option>\n\t\t\t\t<option value=\"transit\">\n\t\t\t\t\tCouche Transport en commun\t\t\t\t<\/option>\n\t\t\t\t<option value=\"bicycling\">\n\t\t\t\t\tA v\u00e9lo\t\t\t\t<\/option>\n\t\t\t<\/select>\n\t\t\t<\/div>\n\t\t<\/div>\n\t\t\t\n\t\t<div class=\"wpgmza-directions-options__section\">\n\t\t\t<a href=\"javascript:;\" class=\"wpgmza-show-directions-options\" id=\"wpgmza_show_options_8\" mapid=\"8\">\n\t\t\t\tafficher les options\t\t\t<\/a>\n\t\t\t\n\t\t\t<a href=\"javascript:;\" class=\"wpgmza-hide-directions-options\" id=\"wpgmza_hide_options_8\" mapid=\"8\">\n\t\t\t\tCacher les options\t\t\t<\/a>\n\t\t\t\n\t\t\t<div class=\"wpgmza-directions-options wpgmza-form-field wpgmza-form-field--no-pad wpgmza_dir_options\">\n\t\t\t\t<label class=\"class\">\n\t\t\t\t\t<input type=\"checkbox\" class=\"wpgmza-avoid-tolls\" value=\"tolls\" name=\"wpgmza_tolls_8\" id=\"wpgmza_tolls_8\">\n\t\t\t\t\tEviter les p\u00e9ages\t\t\t\t<\/label>\n\t\t\t\t<label class=\"class\">\n\t\t\t\t\t<input type=\"checkbox\" class=\"wpgmza-avoid-highways\" value=\"highways\" name=\"wpgmza_highways_8\" id=\"wpgmza_highways_8\">\n\t\t\t\t\tEviter les autoroutes\t\t\t\t<\/label>\n\t\t\t\t<label class=\"class\">\n\t\t\t\t\t<input type=\"checkbox\" class=\"wpgmza-avoid-ferries\" value=\"ferries\" name=\"wpgmza_ferries_8\" id=\"wpgmza_ferries_8\">\n\t\t\t\t\tAvoid Ferries\t\t\t\t<\/label>\n\t\t\t<\/div>\n\t\t<\/div>\n\t\t\n\t<\/div>\n\t\n\t<div class=\"wpgmza-directions-buttons wpgmza-form-field wpgmaps_to_row\">\n\t\t<input class=\"wpgmza-get-directions wpgmaps_get_directions\" onclick=\"javascript: ;\" type=\"button\" value=\"Allez\" id=\"8\">\n\t\t\n\t\t<span class=\"wpgmza-directions-result__buttons\">\n\t\t\t<a class=\"wpgmza-print-directions\" style=\"display: none;\" onclick=\"javascript: ;\" mapid=\"8\">\n\t\t\t\tImprimer l'itin\u00e9raire\t\t\t<\/a>\n\t\t\t\n\t\t\t<a class=\"wpgmza-reset-directions\" style=\"display: none;\" onclick=\"javascript: ;\" mapid=\"8\">\n\t\t\t\tAnnuler l'itin\u00e9raire\t\t\t<\/a>\n\t\t<\/span>\n\t<\/div>\n<\/div>\r\n\t\t\t\t\r\n\t\t\t\t<div id=\"wpgmaps_directions_notification_8\" style=\"display:none;\">Recherche d'itin\u00e9raire ......<\/div>\r\n\t\t\t\t\r\n\t\t\t\t<div id=\"wpgmaps_directions_reset_8\" style=\"display:none;\">\r\n\r\n\t\t\t\t\t<a href='javascript:void(0)' onclick='wpgmza_reset_directions(8);' id='wpgmaps_reset_directions' title='Annuler l'itin\u00e9raire'>Annuler l'itin\u00e9raire<\/a>\r\n\t\t\t\t\t<br \/>\r\n\t\t\t\t\t<a href='javascript: ;' id='wpgmaps_print_directions_8' target='_blank' title='Imprimer l'itin\u00e9raire'>Imprimer l'itin\u00e9raire<\/a>\r\n\t\t\t\t<\/div>\r\n\t\t\t\t\r\n\t\t\t\t<div id=\"directions_panel_8\"><\/div>\r\n\r\n\t\t\t<\/div><\/p>\n","protected":false},"excerpt":{"rendered":"<p>H\u00e9bergement H\u00f4tel Cooperativa BAUEN La Coop\u00e9rative H\u00f4tel Bauen se forma en 2003 apr\u00e8s la longue lutte entrepresariale avec l\u2019occupation de cet h\u00f4tel si embl\u00e9matique de la ville. En effet, il fut construit par le gouvernement militaire pour le Mondial de Football de 1978 et poss\u00e8de une longue histoire de financement&#8230;<\/p>\n","protected":false},"author":1,"featured_media":214,"comment_status":"closed","ping_status":"closed","sticky":false,"template":"","format":"standard","meta":{"footnotes":""},"categories":[9,10],"tags":[],"_links":{"self":[{"href":"https:\/\/www.360responsibletourism.com\/fr\/wp-json\/wp\/v2\/posts\/213"}],"collection":[{"href":"https:\/\/www.360responsibletourism.com\/fr\/wp-json\/wp\/v2\/posts"}],"about":[{"href":"https:\/\/www.360responsibletourism.com\/fr\/wp-json\/wp\/v2\/types\/post"}],"author":[{"embeddable":true,"href":"https:\/\/www.360responsibletourism.com\/fr\/wp-json\/wp\/v2\/users\/1"}],"replies":[{"embeddable":true,"href":"https:\/\/www.360responsibletourism.com\/fr\/wp-json\/wp\/v2\/comments?post=213"}],"version-history":[{"count":4,"href":"https:\/\/www.360responsibletourism.com\/fr\/wp-json\/wp\/v2\/posts\/213\/revisions"}],"predecessor-version":[{"id":468,"href":"https:\/\/www.360responsibletourism.com\/fr\/wp-json\/wp\/v2\/posts\/213\/revisions\/468"}],"wp:featuredmedia":[{"embeddable":true,"href":"https:\/\/www.360responsibletourism.com\/fr\/wp-json\/wp\/v2\/media\/214"}],"wp:attachment":[{"href":"https:\/\/www.360responsibletourism.com\/fr\/wp-json\/wp\/v2\/media?parent=213"}],"wp:term":[{"taxonomy":"category","embeddable":true,"href":"https:\/\/www.360responsibletourism.com\/fr\/wp-json\/wp\/v2\/categories?post=213"},{"taxonomy":"post_tag","embeddable":true,"href":"https:\/\/www.360responsibletourism.com\/fr\/wp-json\/wp\/v2\/tags?post=213"}],"curies":[{"name":"wp","href":"https:\/\/api.w.org\/{rel}","templated":true}]}}